{"id":3913,"date":"2025-07-10T11:45:48","date_gmt":"2025-07-10T11:45:48","guid":{"rendered":"https:\/\/bvrm.pt\/?p=3913"},"modified":"2025-07-10T11:52:46","modified_gmt":"2025-07-10T11:52:46","slug":"bombeiros-voluntarios-de-rio-maior-adquirem-nova-ambulancia-de-socorro","status":"publish","type":"post","link":"https:\/\/bvrm.pt\/index.php\/bombeiros-voluntarios-de-rio-maior-adquirem-nova-ambulancia-de-socorro\/","title":{"rendered":"Bombeiros Volunt\u00e1rios de Rio Maior adquirem nova Ambul\u00e2ncia de Socorro"},"content":{"rendered":"\t\t<div data-elementor-type=\"wp-post\" data-elementor-id=\"3913\" class=\"elementor elementor-3913\">\n\t\t\t\t\t\t<section class=\"elementor-section elementor-top-section elementor-element elementor-element-288306a elementor-section-boxed elementor-section-height-default elementor-section-height-default\" data-id=\"288306a\" data-element_type=\"section\" data-e-type=\"section\">\n\t\t\t\t\t\t<div class=\"elementor-container elementor-column-gap-default\">\n\t\t\t\t\t<div class=\"elementor-column elementor-col-100 elementor-top-column elementor-element elementor-element-3e3df4d\" data-id=\"3e3df4d\" data-element_type=\"column\" data-e-type=\"column\">\n\t\t\t<div class=\"elementor-widget-wrap elementor-element-populated\">\n\t\t\t\t\t\t<div class=\"elementor-element elementor-element-4b0247b elementor-widget elementor-widget-image\" data-id=\"4b0247b\" data-element_type=\"widget\" data-e-type=\"widget\" data-widget_type=\"image.default\">\n\t\t\t\t<div class=\"elementor-widget-container\">\n\t\t\t\t\t\t\t\t\t\t\t\t\t\t\t<img fetchpriority=\"high\" decoding=\"async\" width=\"1024\" height=\"682\" src=\"https:\/\/bvrm.pt\/wp-content\/uploads\/2025\/07\/IMG_9657_resized-1024x682.jpg\" class=\"attachment-large size-large wp-image-3925\" alt=\"\" srcset=\"https:\/\/bvrm.pt\/wp-content\/uploads\/2025\/07\/IMG_9657_resized-1024x682.jpg 1024w, https:\/\/bvrm.pt\/wp-content\/uploads\/2025\/07\/IMG_9657_resized-300x200.jpg 300w, https:\/\/bvrm.pt\/wp-content\/uploads\/2025\/07\/IMG_9657_resized-768x512.jpg 768w, https:\/\/bvrm.pt\/wp-content\/uploads\/2025\/07\/IMG_9657_resized-1536x1024.jpg 1536w, https:\/\/bvrm.pt\/wp-content\/uploads\/2025\/07\/IMG_9657_resized-2048x1365.jpg 2048w, https:\/\/bvrm.pt\/wp-content\/uploads\/2025\/07\/IMG_9657_resized-930x620.jpg 930w\" sizes=\"(max-width: 1024px) 100vw, 1024px\" \/>\t\t\t\t\t\t\t\t\t\t\t\t\t\t\t<\/div>\n\t\t\t\t<\/div>\n\t\t\t\t\t<\/div>\n\t\t<\/div>\n\t\t\t\t\t<\/div>\n\t\t<\/section>\n\t\t\t\t<section class=\"elementor-section elementor-top-section elementor-element elementor-element-7b9eb93 elementor-section-boxed elementor-section-height-default elementor-section-height-default\" data-id=\"7b9eb93\" data-element_type=\"section\" data-e-type=\"section\">\n\t\t\t\t\t\t<div class=\"elementor-container elementor-column-gap-default\">\n\t\t\t\t\t<div class=\"elementor-column elementor-col-100 elementor-top-column elementor-element elementor-element-3523bbc\" data-id=\"3523bbc\" data-element_type=\"column\" data-e-type=\"column\">\n\t\t\t<div class=\"elementor-widget-wrap elementor-element-populated\">\n\t\t\t\t\t\t<div class=\"elementor-element elementor-element-2eb9a59 elementor-widget elementor-widget-text-editor\" data-id=\"2eb9a59\" data-element_type=\"widget\" data-e-type=\"widget\" data-widget_type=\"text-editor.default\">\n\t\t\t\t<div class=\"elementor-widget-container\">\n\t\t\t\t\t\t\t\t\t<h6>Da esquerda para a direita: Bombeiro 3.\u00aa Lu\u00eds Miguel; Subchefe Jos\u00e9 Sabino; Presidente da Dire\u00e7\u00e3o da A.H.B.V.R.M., Ant\u00f3nio Quevedo; Bombeiro 3.\u00aa Joel Silva.<\/h6>\t\t\t\t\t\t\t\t<\/div>\n\t\t\t\t<\/div>\n\t\t\t\t\t<\/div>\n\t\t<\/div>\n\t\t\t\t\t<\/div>\n\t\t<\/section>\n\t\t\t\t<section class=\"elementor-section elementor-top-section elementor-element elementor-element-2a27a10 elementor-section-boxed elementor-section-height-default elementor-section-height-default\" data-id=\"2a27a10\" data-element_type=\"section\" data-e-type=\"section\">\n\t\t\t\t\t\t<div class=\"elementor-container elementor-column-gap-default\">\n\t\t\t\t\t<div class=\"elementor-column elementor-col-100 elementor-top-column elementor-element elementor-element-8570544\" data-id=\"8570544\" data-element_type=\"column\" data-e-type=\"column\">\n\t\t\t<div class=\"elementor-widget-wrap elementor-element-populated\">\n\t\t\t\t\t\t<div class=\"elementor-element elementor-element-0dce1dd elementor-widget elementor-widget-text-editor\" data-id=\"0dce1dd\" data-element_type=\"widget\" data-e-type=\"widget\" data-widget_type=\"text-editor.default\">\n\t\t\t\t<div class=\"elementor-widget-container\">\n\t\t\t\t\t\t\t\t\t<h5>A Associa\u00e7\u00e3o Humanit\u00e1ria dos Bombeiros Volunt\u00e1rios de Rio Maior (A. H. B. V. R. M.)\u00a0\u00a0 anuncia que conseguiu aumentar em n\u00famero a sua frota de viaturas de assist\u00eancia em situa\u00e7\u00f5es de emerg\u00eancia. A aquisi\u00e7\u00e3o da nova Ambul\u00e2ncia de Socorro n.\u00ba 2 foi poss\u00edvel com o aux\u00edlio financeiro de cidad\u00e3os, empresas e institui\u00e7\u00f5es. \u00a0O valor aproximado agregado com os contributos da comunidade foi de 42 mil euros, o que reflete a predisposi\u00e7\u00e3o da comunidade em ajudar a centen\u00e1ria associa\u00e7\u00e3o.<\/h5><h5>A viatura representou para A. H. B. V. R. M. uma despesa na ordem dos 75 mil euros. A ambi\u00e7\u00e3o para obter o novo ve\u00edculo de assist\u00eancia em situa\u00e7\u00f5es de sa\u00fade j\u00e1 existia desde 2024, ano no qual foi feito um apelo \u00e0 contribui\u00e7\u00e3o de fundos.<\/h5><h5>A ABSC-02 passa assim a ser a sexta ambul\u00e2ncia de socorro dispon\u00edvel no quartel-sede dos Bombeiros Volunt\u00e1rios de Rio Maior.<\/h5><h6>Texto: Daniel Pedro<\/h6>\t\t\t\t\t\t\t\t<\/div>\n\t\t\t\t<\/div>\n\t\t\t\t\t<\/div>\n\t\t<\/div>\n\t\t\t\t\t<\/div>\n\t\t<\/section>\n\t\t\t\t<\/div>\n\t\t","protected":false},"excerpt":{"rendered":"<p>Da esquerda para a direita: Bombeiro 3.\u00aa Lu\u00eds Miguel; Subchefe Jos\u00e9 Sabino; Presidente da Dire\u00e7\u00e3o da A.H.B.V.R.M., Ant\u00f3nio Quevedo; Bombeiro 3.\u00aa Joel Silva. A Associa\u00e7\u00e3o Humanit\u00e1ria dos Bombeiros Volunt\u00e1rios de Rio Maior (A. H. B. V. R. M.)\u00a0\u00a0 anuncia que conseguiu aumentar em n\u00famero a sua frota de viaturas de assist\u00eancia em situa\u00e7\u00f5es de emerg\u00eancia.&hellip;&nbsp;<a href=\"https:\/\/bvrm.pt\/index.php\/bombeiros-voluntarios-de-rio-maior-adquirem-nova-ambulancia-de-socorro\/\" rel=\"bookmark\">Ler mais &raquo;<span class=\"screen-reader-text\">Bombeiros Volunt\u00e1rios de Rio Maior adquirem nova Ambul\u00e2ncia de Socorro<\/span><\/a><\/p>\n","protected":false},"author":3,"featured_media":0,"comment_status":"closed","ping_status":"closed","sticky":false,"template":"","format":"standard","meta":{"neve_meta_sidebar":"","neve_meta_container":"","neve_meta_enable_content_width":"","neve_meta_content_width":0,"neve_meta_title_alignment":"","neve_meta_author_avatar":"","neve_post_elements_order":"","neve_meta_disable_header":"","neve_meta_disable_footer":"","neve_meta_disable_title":"","footnotes":""},"categories":[3],"tags":[],"class_list":["post-3913","post","type-post","status-publish","format-standard","hentry","category-noticias"],"_links":{"self":[{"href":"https:\/\/bvrm.pt\/index.php\/wp-json\/wp\/v2\/posts\/3913","targetHints":{"allow":["GET"]}}],"collection":[{"href":"https:\/\/bvrm.pt\/index.php\/wp-json\/wp\/v2\/posts"}],"about":[{"href":"https:\/\/bvrm.pt\/index.php\/wp-json\/wp\/v2\/types\/post"}],"author":[{"embeddable":true,"href":"https:\/\/bvrm.pt\/index.php\/wp-json\/wp\/v2\/users\/3"}],"replies":[{"embeddable":true,"href":"https:\/\/bvrm.pt\/index.php\/wp-json\/wp\/v2\/comments?post=3913"}],"version-history":[{"count":11,"href":"https:\/\/bvrm.pt\/index.php\/wp-json\/wp\/v2\/posts\/3913\/revisions"}],"predecessor-version":[{"id":3928,"href":"https:\/\/bvrm.pt\/index.php\/wp-json\/wp\/v2\/posts\/3913\/revisions\/3928"}],"wp:attachment":[{"href":"https:\/\/bvrm.pt\/index.php\/wp-json\/wp\/v2\/media?parent=3913"}],"wp:term":[{"taxonomy":"category","embeddable":true,"href":"https:\/\/bvrm.pt\/index.php\/wp-json\/wp\/v2\/categories?post=3913"},{"taxonomy":"post_tag","embeddable":true,"href":"https:\/\/bvrm.pt\/index.php\/wp-json\/wp\/v2\/tags?post=3913"}],"curies":[{"name":"wp","href":"https:\/\/api.w.org\/{rel}","templated":true}]}}