{"id":279,"date":"2021-03-26T16:32:45","date_gmt":"2021-03-26T16:32:45","guid":{"rendered":"http:\/\/www.bvrm.pt\/?p=279"},"modified":"2021-03-26T16:32:45","modified_gmt":"2021-03-26T16:32:45","slug":"assembleia-geral-data-a-definir","status":"publish","type":"post","link":"https:\/\/bvrm.pt\/index.php\/assembleia-geral-data-a-definir\/","title":{"rendered":"Assembleia Geral &#8211; data a definir"},"content":{"rendered":"<p>Caros associados,<\/p>\n<p>com a publica\u00e7\u00e3o do Decreto-Lei n.\u00ba 22-A\/2021, de 17 de mar\u00e7o e no \u00e2mbito da ado\u00e7\u00e3o de medidas em mat\u00e9ria de combate \u00e0 pandemia da doen\u00e7a COVID-19, foi implementada a prorroga\u00e7\u00e3o dos prazos de realiza\u00e7\u00e3o de assembleias gerais. De acordo com o referido decreto e por forma a cumprir com o dever geral de confinamento, a Associa\u00e7\u00e3o Humanit\u00e1ria de Bombeiros Volunt\u00e1rios de Rio Maior informa que n\u00e3o ir\u00e1 realizar a sua assembleia geral em mar\u00e7o.<\/p>\n<p>Oportunamente os associados ser\u00e3o informados sobre a nova data de realiza\u00e7\u00e3o da mesma.<\/p>\n<p>Agradecemos a compreens\u00e3o. Mantenha-se seguro!<\/p>\n<p>&nbsp;<\/p>\n<p><em>DL 22-A\/2021 de 17 de mar\u00e7o &#8211;\u00a0<\/em><em>Artigo 18.\u00ba\u00a0<\/em><em>Prazos de realiza\u00e7\u00e3o de assembleias gerais<\/em><\/p>\n<p><em>1 &#8211; N\u00e3o obstante a possibilidade de realiza\u00e7\u00e3o de assembleias gerais atrav\u00e9s de meios telem\u00e1ticos nos termos legais, as assembleias gerais das sociedades comerciais, das associa\u00e7\u00f5es ou das cooperativas, que devam ter lugar por imposi\u00e7\u00e3o legal ou estatut\u00e1ria, podem ser realizadas at\u00e9 30 de junho de 2021.<\/em><\/p>\n<p><em>2 &#8211; Sem preju\u00edzo do disposto no n\u00famero anterior, no caso das cooperativas e das associa\u00e7\u00f5es com mais de 100 cooperantes ou associados, as assembleias gerais que devam ter lugar por imposi\u00e7\u00e3o estatut\u00e1ria podem ser realizadas at\u00e9 30 de setembro de 2021.<\/em><\/p>\n","protected":false},"excerpt":{"rendered":"<p>Caros associados, com a publica\u00e7\u00e3o do Decreto-Lei n.\u00ba 22-A\/2021, de 17 de mar\u00e7o e no \u00e2mbito da ado\u00e7\u00e3o de medidas em mat\u00e9ria de combate \u00e0 pandemia da doen\u00e7a COVID-19, foi implementada a prorroga\u00e7\u00e3o dos prazos de realiza\u00e7\u00e3o de assembleias gerais. De acordo com o referido decreto e por forma a cumprir com o dever geral&hellip;&nbsp;<a href=\"https:\/\/bvrm.pt\/index.php\/assembleia-geral-data-a-definir\/\" rel=\"bookmark\">Ler mais &raquo;<span class=\"screen-reader-text\">Assembleia Geral &#8211; data a definir<\/span><\/a><\/p>\n","protected":false},"author":3,"featured_media":0,"comment_status":"closed","ping_status":"open","sticky":false,"template":"","format":"standard","meta":{"neve_meta_sidebar":"","neve_meta_container":"","neve_meta_enable_content_width":"","neve_meta_content_width":0,"neve_meta_title_alignment":"","neve_meta_author_avatar":"","neve_post_elements_order":"","neve_meta_disable_header":"","neve_meta_disable_footer":"","neve_meta_disable_title":"","footnotes":""},"categories":[3],"tags":[],"class_list":["post-279","post","type-post","status-publish","format-standard","hentry","category-noticias"],"_links":{"self":[{"href":"https:\/\/bvrm.pt\/index.php\/wp-json\/wp\/v2\/posts\/279","targetHints":{"allow":["GET"]}}],"collection":[{"href":"https:\/\/bvrm.pt\/index.php\/wp-json\/wp\/v2\/posts"}],"about":[{"href":"https:\/\/bvrm.pt\/index.php\/wp-json\/wp\/v2\/types\/post"}],"author":[{"embeddable":true,"href":"https:\/\/bvrm.pt\/index.php\/wp-json\/wp\/v2\/users\/3"}],"replies":[{"embeddable":true,"href":"https:\/\/bvrm.pt\/index.php\/wp-json\/wp\/v2\/comments?post=279"}],"version-history":[{"count":5,"href":"https:\/\/bvrm.pt\/index.php\/wp-json\/wp\/v2\/posts\/279\/revisions"}],"predecessor-version":[{"id":287,"href":"https:\/\/bvrm.pt\/index.php\/wp-json\/wp\/v2\/posts\/279\/revisions\/287"}],"wp:attachment":[{"href":"https:\/\/bvrm.pt\/index.php\/wp-json\/wp\/v2\/media?parent=279"}],"wp:term":[{"taxonomy":"category","embeddable":true,"href":"https:\/\/bvrm.pt\/index.php\/wp-json\/wp\/v2\/categories?post=279"},{"taxonomy":"post_tag","embeddable":true,"href":"https:\/\/bvrm.pt\/index.php\/wp-json\/wp\/v2\/tags?post=279"}],"curies":[{"name":"wp","href":"https:\/\/api.w.org\/{rel}","templated":true}]}}