{"id":180,"date":"2019-11-17T15:28:38","date_gmt":"2019-11-17T15:28:38","guid":{"rendered":"http:\/\/www.bvrm.pt\/?p=180"},"modified":"2020-03-14T23:44:14","modified_gmt":"2020-03-14T23:44:14","slug":"assembleia-geral-eleitoral","status":"publish","type":"post","link":"https:\/\/bvrm.pt\/index.php\/assembleia-geral-eleitoral\/","title":{"rendered":"Assembleia Geral Eleitoral &#8211; 28 Dezembro 2019"},"content":{"rendered":"<p style=\"text-align: center;\"><strong>EDITAL<\/strong><br \/>\n<strong>Assembleia Geral Eleitoral<\/strong><br \/>\nConvocat\u00f3ria<br \/>\nEduardo Casimiro de Deus Pereira da Silva, Presidente da Mesa da Assembleia Geral da Associa\u00e7\u00e3o Humanit\u00e1ria de Bombeiros Volunt\u00e1rios de Rio Maior, no uso da compet\u00eancia conferida pelo artigo 70\u00b0, n\u00famero 2, dos Estatutos, convoca os associados efetivos a participar em Assembleia Geral Eleitoral, a realizar no dia no Quartel Sede, na Av. Dr. Jo\u00e3o Afonso Calado da Maia. O ato eleitoral decorrer\u00e1 das 14.30 \u00e1s 1830 horas. Para constar se lavrou o presente Edital, que vai ser afixado na Sede da Associa\u00e7\u00e3o e noutros locais julgados de interesse para o efeito e publicado num jornal local.<br \/>\nRio Maior, 16 de Dezembro de 2019.<\/p>\n<p><a href=\"http:\/\/www.bvrm.pt\/wp-content\/uploads\/2019\/12\/2019-12-23-15_29_42-bvrm011399.pdf-Adobe-Acrobat-Reader-DC.png\"><img fetchpriority=\"high\" decoding=\"async\" class=\"alignnone size-full wp-image-181\" src=\"http:\/\/www.bvrm.pt\/wp-content\/uploads\/2019\/12\/2019-12-23-15_29_42-bvrm011399.pdf-Adobe-Acrobat-Reader-DC.png\" alt=\"\" width=\"794\" height=\"876\" srcset=\"https:\/\/bvrm.pt\/wp-content\/uploads\/2019\/12\/2019-12-23-15_29_42-bvrm011399.pdf-Adobe-Acrobat-Reader-DC.png 794w, https:\/\/bvrm.pt\/wp-content\/uploads\/2019\/12\/2019-12-23-15_29_42-bvrm011399.pdf-Adobe-Acrobat-Reader-DC-272x300.png 272w, https:\/\/bvrm.pt\/wp-content\/uploads\/2019\/12\/2019-12-23-15_29_42-bvrm011399.pdf-Adobe-Acrobat-Reader-DC-768x847.png 768w\" sizes=\"(max-width: 794px) 100vw, 794px\" \/><\/a><\/p>\n","protected":false},"excerpt":{"rendered":"<p>EDITAL Assembleia Geral Eleitoral Convocat\u00f3ria Eduardo Casimiro de Deus Pereira da Silva, Presidente da Mesa da Assembleia Geral da Associa\u00e7\u00e3o Humanit\u00e1ria de Bombeiros Volunt\u00e1rios de Rio Maior, no uso da compet\u00eancia conferida pelo artigo 70\u00b0, n\u00famero 2, dos Estatutos, convoca os associados efetivos a participar em Assembleia Geral Eleitoral, a realizar no dia no Quartel&hellip;&nbsp;<a href=\"https:\/\/bvrm.pt\/index.php\/assembleia-geral-eleitoral\/\" rel=\"bookmark\">Ler mais &raquo;<span class=\"screen-reader-text\">Assembleia Geral Eleitoral &#8211; 28 Dezembro 2019<\/span><\/a><\/p>\n","protected":false},"author":4,"featured_media":182,"comment_status":"closed","ping_status":"open","sticky":false,"template":"","format":"standard","meta":{"neve_meta_sidebar":"","neve_meta_container":"","neve_meta_enable_content_width":"","neve_meta_content_width":0,"neve_meta_title_alignment":"","neve_meta_author_avatar":"","neve_post_elements_order":"","neve_meta_disable_header":"","neve_meta_disable_footer":"","neve_meta_disable_title":"","footnotes":""},"categories":[3],"tags":[],"class_list":["post-180","post","type-post","status-publish","format-standard","has-post-thumbnail","hentry","category-noticias"],"_links":{"self":[{"href":"https:\/\/bvrm.pt\/index.php\/wp-json\/wp\/v2\/posts\/180","targetHints":{"allow":["GET"]}}],"collection":[{"href":"https:\/\/bvrm.pt\/index.php\/wp-json\/wp\/v2\/posts"}],"about":[{"href":"https:\/\/bvrm.pt\/index.php\/wp-json\/wp\/v2\/types\/post"}],"author":[{"embeddable":true,"href":"https:\/\/bvrm.pt\/index.php\/wp-json\/wp\/v2\/users\/4"}],"replies":[{"embeddable":true,"href":"https:\/\/bvrm.pt\/index.php\/wp-json\/wp\/v2\/comments?post=180"}],"version-history":[{"count":2,"href":"https:\/\/bvrm.pt\/index.php\/wp-json\/wp\/v2\/posts\/180\/revisions"}],"predecessor-version":[{"id":184,"href":"https:\/\/bvrm.pt\/index.php\/wp-json\/wp\/v2\/posts\/180\/revisions\/184"}],"wp:featuredmedia":[{"embeddable":true,"href":"https:\/\/bvrm.pt\/index.php\/wp-json\/wp\/v2\/media\/182"}],"wp:attachment":[{"href":"https:\/\/bvrm.pt\/index.php\/wp-json\/wp\/v2\/media?parent=180"}],"wp:term":[{"taxonomy":"category","embeddable":true,"href":"https:\/\/bvrm.pt\/index.php\/wp-json\/wp\/v2\/categories?post=180"},{"taxonomy":"post_tag","embeddable":true,"href":"https:\/\/bvrm.pt\/index.php\/wp-json\/wp\/v2\/tags?post=180"}],"curies":[{"name":"wp","href":"https:\/\/api.w.org\/{rel}","templated":true}]}}